{"id":10088,"date":"2017-12-10T14:08:48","date_gmt":"2017-12-10T12:08:48","guid":{"rendered":"https:\/\/www.delariberadelgenil.com\/?p=10088"},"modified":"2017-12-10T14:08:48","modified_gmt":"2017-12-10T12:08:48","slug":"prueba-test-de-caracter-y-aptitudes-naturales","status":"publish","type":"post","link":"https:\/\/www.delariberadelgenil.com\/?p=10088","title":{"rendered":"Prueba Test de caracter y aptitudes naturales"},"content":{"rendered":"<p><span style=\"color: #800000;\"><strong>El pasado d\u00eda 27 de Octubre presentamos a Bicharraca de la Ribera del Genil al TCAN test de car\u00e1cter y aptitudes naturales, donde consigui\u00f3 el APTO.<\/strong><\/span><\/p>\n<p><a href=\"https:\/\/www.delariberadelgenil.com\/public\/wp-content\/uploads\/2017\/12\/22780709_1760659543944179_6394811699058803385_n.jpg\"><img loading=\"lazy\" decoding=\"async\" class=\"alignleft size-medium wp-image-10089\" src=\"https:\/\/www.delariberadelgenil.com\/public\/wp-content\/uploads\/2017\/12\/22780709_1760659543944179_6394811699058803385_n-168x300.jpg\" alt=\"\" width=\"168\" height=\"300\" srcset=\"https:\/\/www.delariberadelgenil.com\/public\/wp-content\/uploads\/2017\/12\/22780709_1760659543944179_6394811699058803385_n-168x300.jpg 168w, https:\/\/www.delariberadelgenil.com\/public\/wp-content\/uploads\/2017\/12\/22780709_1760659543944179_6394811699058803385_n.jpg 539w\" sizes=\"auto, (max-width: 168px) 100vw, 168px\" \/><\/a> <a href=\"https:\/\/www.delariberadelgenil.com\/public\/wp-content\/uploads\/2017\/12\/22852964_1760659607277506_2469790508577952395_n.jpg\"><img loading=\"lazy\" decoding=\"async\" class=\"alignleft size-medium wp-image-10090\" src=\"https:\/\/www.delariberadelgenil.com\/public\/wp-content\/uploads\/2017\/12\/22852964_1760659607277506_2469790508577952395_n-168x300.jpg\" alt=\"\" width=\"168\" height=\"300\" srcset=\"https:\/\/www.delariberadelgenil.com\/public\/wp-content\/uploads\/2017\/12\/22852964_1760659607277506_2469790508577952395_n-168x300.jpg 168w, https:\/\/www.delariberadelgenil.com\/public\/wp-content\/uploads\/2017\/12\/22852964_1760659607277506_2469790508577952395_n.jpg 539w\" sizes=\"auto, (max-width: 168px) 100vw, 168px\" \/><\/a><\/p>\n","protected":false},"excerpt":{"rendered":"<p>El pasado d\u00eda 27 de Octubre presentamos a Bicharraca de la Ribera del Genil al TCAN test de car\u00e1cter y aptitudes naturales, donde consigui\u00f3 el APTO.<\/p>\n","protected":false},"author":1,"featured_media":0,"comment_status":"open","ping_status":"open","sticky":false,"template":"","format":"standard","meta":{"jetpack_post_was_ever_published":false,"_jetpack_newsletter_access":"","_jetpack_dont_email_post_to_subs":false,"_jetpack_newsletter_tier_id":0,"_jetpack_memberships_contains_paywalled_content":false,"_jetpack_memberships_contains_paid_content":false,"footnotes":"","jetpack_publicize_message":"","jetpack_publicize_feature_enabled":true,"jetpack_social_post_already_shared":true,"jetpack_social_options":{"image_generator_settings":{"template":"highway","default_image_id":0,"font":"","enabled":false},"version":2}},"categories":[1],"tags":[],"class_list":["post-10088","post","type-post","status-publish","format-standard","hentry","category-sin-categoria"],"jetpack_publicize_connections":[],"jetpack_featured_media_url":"","jetpack_sharing_enabled":true,"jetpack_shortlink":"https:\/\/wp.me\/p2qQLF-2CI","_links":{"self":[{"href":"https:\/\/www.delariberadelgenil.com\/index.php?rest_route=\/wp\/v2\/posts\/10088","targetHints":{"allow":["GET"]}}],"collection":[{"href":"https:\/\/www.delariberadelgenil.com\/index.php?rest_route=\/wp\/v2\/posts"}],"about":[{"href":"https:\/\/www.delariberadelgenil.com\/index.php?rest_route=\/wp\/v2\/types\/post"}],"author":[{"embeddable":true,"href":"https:\/\/www.delariberadelgenil.com\/index.php?rest_route=\/wp\/v2\/users\/1"}],"replies":[{"embeddable":true,"href":"https:\/\/www.delariberadelgenil.com\/index.php?rest_route=%2Fwp%2Fv2%2Fcomments&post=10088"}],"version-history":[{"count":1,"href":"https:\/\/www.delariberadelgenil.com\/index.php?rest_route=\/wp\/v2\/posts\/10088\/revisions"}],"predecessor-version":[{"id":10091,"href":"https:\/\/www.delariberadelgenil.com\/index.php?rest_route=\/wp\/v2\/posts\/10088\/revisions\/10091"}],"wp:attachment":[{"href":"https:\/\/www.delariberadelgenil.com\/index.php?rest_route=%2Fwp%2Fv2%2Fmedia&parent=10088"}],"wp:term":[{"taxonomy":"category","embeddable":true,"href":"https:\/\/www.delariberadelgenil.com\/index.php?rest_route=%2Fwp%2Fv2%2Fcategories&post=10088"},{"taxonomy":"post_tag","embeddable":true,"href":"https:\/\/www.delariberadelgenil.com\/index.php?rest_route=%2Fwp%2Fv2%2Ftags&post=10088"}],"curies":[{"name":"wp","href":"https:\/\/api.w.org\/{rel}","templated":true}]}}