{"id":147,"date":"2010-10-10T11:22:50","date_gmt":"2010-10-10T11:22:50","guid":{"rendered":"http:\/\/delariberadelgenil.wordpress.com\/?p=147"},"modified":"2010-10-10T11:22:50","modified_gmt":"2010-10-10T11:22:50","slug":"beto-homologado-en-nivel-1-y-2-de-rescate-canino-metodo-arcon","status":"publish","type":"post","link":"https:\/\/www.delariberadelgenil.com\/?p=147","title":{"rendered":"BETO HOMOLOGADO EN NIVEL 1 Y 2 DE RESCATE CANINO METODO ARCON"},"content":{"rendered":"<p>Bueno queridos amigos (el que la sigue la consigue) aqu\u00ed os dejo una foto de <strong>BETO<\/strong> con el <strong>certificado de homologaci\u00f3n del nivel 1 y 2 del m\u00e9todo arc\u00f3n de rescate canino<\/strong> junto con <strong>el mio como gu\u00eda canino nivel 1 y 2<\/strong>, <strong>curso impartido en Ecija por el instructor Javier Luque<\/strong> tambi\u00e9n dejo la foto de lo que es la <strong>ONG de nueva creaci\u00f3n de especialistas del m\u00e9todo arc\u00f3n<\/strong> a la cual me siento orgulloso de pertenecer.<\/p>\n<p><a href=\"http:\/\/www.delariberadelgenil.com\/public\/wp-content\/uploads\/2010\/10\/foto-grupo-gerccma-1.jpg\"><img loading=\"lazy\" decoding=\"async\" class=\"alignnone size-full wp-image-149\" title=\"FOTO GRUPO GERCCMA (1)\" src=\"https:\/\/www.delariberadelgenil.com\/public\/wp-content\/uploads\/2010\/10\/foto-grupo-gerccma-1.jpg\" alt=\"\" width=\"640\" height=\"303\" srcset=\"https:\/\/www.delariberadelgenil.com\/public\/wp-content\/uploads\/2010\/10\/foto-grupo-gerccma-1.jpg 3217w, https:\/\/www.delariberadelgenil.com\/public\/wp-content\/uploads\/2010\/10\/foto-grupo-gerccma-1-300x142.jpg 300w, https:\/\/www.delariberadelgenil.com\/public\/wp-content\/uploads\/2010\/10\/foto-grupo-gerccma-1-1024x485.jpg 1024w, https:\/\/www.delariberadelgenil.com\/public\/wp-content\/uploads\/2010\/10\/foto-grupo-gerccma-1-500x236.jpg 500w\" sizes=\"auto, (max-width: 640px) 100vw, 640px\" \/><\/a><a href=\"http:\/\/www.delariberadelgenil.com\/public\/wp-content\/uploads\/2010\/10\/diploma-rescate-2010.jpg\"><img loading=\"lazy\" decoding=\"async\" class=\"alignnone size-full wp-image-148\" title=\"Diploma rescate 2010\" src=\"https:\/\/www.delariberadelgenil.com\/public\/wp-content\/uploads\/2010\/10\/diploma-rescate-2010.jpg\" alt=\"\" width=\"640\" height=\"480\" srcset=\"https:\/\/www.delariberadelgenil.com\/public\/wp-content\/uploads\/2010\/10\/diploma-rescate-2010.jpg 640w, https:\/\/www.delariberadelgenil.com\/public\/wp-content\/uploads\/2010\/10\/diploma-rescate-2010-300x225.jpg 300w, https:\/\/www.delariberadelgenil.com\/public\/wp-content\/uploads\/2010\/10\/diploma-rescate-2010-400x300.jpg 400w\" sizes=\"auto, (max-width: 640px) 100vw, 640px\" \/><\/a><\/p>\n","protected":false},"excerpt":{"rendered":"<p>Bueno queridos amigos (el que la sigue la consigue) aqu\u00ed os dejo una foto de BETO con el certificado de homologaci\u00f3n del nivel 1 y 2 del m\u00e9todo arc\u00f3n de rescate canino junto con el mio como gu\u00eda canino nivel &hellip; <a href=\"https:\/\/www.delariberadelgenil.com\/?p=147\" class=\"more-link\">Continuar leyendo<\/a><\/p>\n","protected":false},"author":1,"featured_media":0,"comment_status":"open","ping_status":"open","sticky":false,"template":"","format":"standard","meta":{"jetpack_post_was_ever_published":false,"_jetpack_newsletter_access":"","_jetpack_dont_email_post_to_subs":false,"_jetpack_newsletter_tier_id":0,"_jetpack_memberships_contains_paywalled_content":false,"_jetpack_memberships_contains_paid_content":false,"footnotes":"","jetpack_publicize_message":"","jetpack_publicize_feature_enabled":true,"jetpack_social_post_already_shared":false,"jetpack_social_options":{"image_generator_settings":{"template":"highway","default_image_id":0,"font":"","enabled":false},"version":2}},"categories":[1],"tags":[],"class_list":["post-147","post","type-post","status-publish","format-standard","hentry","category-sin-categoria"],"jetpack_publicize_connections":[],"jetpack_featured_media_url":"","jetpack_sharing_enabled":true,"jetpack_shortlink":"https:\/\/wp.me\/p2qQLF-2n","_links":{"self":[{"href":"https:\/\/www.delariberadelgenil.com\/index.php?rest_route=\/wp\/v2\/posts\/147","targetHints":{"allow":["GET"]}}],"collection":[{"href":"https:\/\/www.delariberadelgenil.com\/index.php?rest_route=\/wp\/v2\/posts"}],"about":[{"href":"https:\/\/www.delariberadelgenil.com\/index.php?rest_route=\/wp\/v2\/types\/post"}],"author":[{"embeddable":true,"href":"https:\/\/www.delariberadelgenil.com\/index.php?rest_route=\/wp\/v2\/users\/1"}],"replies":[{"embeddable":true,"href":"https:\/\/www.delariberadelgenil.com\/index.php?rest_route=%2Fwp%2Fv2%2Fcomments&post=147"}],"version-history":[{"count":0,"href":"https:\/\/www.delariberadelgenil.com\/index.php?rest_route=\/wp\/v2\/posts\/147\/revisions"}],"wp:attachment":[{"href":"https:\/\/www.delariberadelgenil.com\/index.php?rest_route=%2Fwp%2Fv2%2Fmedia&parent=147"}],"wp:term":[{"taxonomy":"category","embeddable":true,"href":"https:\/\/www.delariberadelgenil.com\/index.php?rest_route=%2Fwp%2Fv2%2Fcategories&post=147"},{"taxonomy":"post_tag","embeddable":true,"href":"https:\/\/www.delariberadelgenil.com\/index.php?rest_route=%2Fwp%2Fv2%2Ftags&post=147"}],"curies":[{"name":"wp","href":"https:\/\/api.w.org\/{rel}","templated":true}]}}