{"id":167,"date":"2010-11-08T18:34:58","date_gmt":"2010-11-08T18:34:58","guid":{"rendered":"http:\/\/delariberadelgenil.wordpress.com\/?p=167"},"modified":"2010-11-08T18:34:58","modified_gmt":"2010-11-08T18:34:58","slug":"xx-campeonato-de-andalucia-de-belleza-2010","status":"publish","type":"post","link":"https:\/\/www.delariberadelgenil.com\/?p=167","title":{"rendered":"XX CAMPEONATO DE ANDALUC\u00cdA DE BELLEZA 2010"},"content":{"rendered":"<p class=\"MsoNormal\" style=\"margin:0;\"><span style=\"font-family:&quot;\"><span style=\"color:#000000;\">El pasado d\u00eda 25 de Octubre tuvo lugar la entrega del titulo de campe\u00f3n de Andaluc\u00eda 2010 de todas las razas.<\/span><\/span><\/p>\n<p class=\"MsoNormal\" style=\"margin:0;\"><span style=\"font-family:&quot;\"><span style=\"color:#000000;\">Por tercer a\u00f1o consecutivo (08, 09 y 2010) CH Curioso de <span style=\"font-family:Comic Sans MS;\">la Ribera del Genil \u201cPACO\u201d a obtenido el titulo de campe\u00f3n de Andaluc\u00eda con ello de mostramos que sigue siendo un magnifico ejemplar digno de la raza ( aunque algun@s lo sigan criticando por ser pinto), aqu\u00ed dejo un video de lo que fue la entrega de los t\u00edtulos de campeones.<\/span><\/span><\/span><\/p>\n<p class=\"MsoNormal\" style=\"margin:0;\"><span style=\"font-family:&quot;\"><span style=\"color:#000000;\"><span style=\"font-family:Comic Sans MS;\"><iframe loading=\"lazy\" title=\"XX Campeonato de Andaluc\u00eda de Belleza Vel\u00e9z-M\u00e1laga Oct. 2010.mpg\" width=\"550\" height=\"413\" src=\"https:\/\/www.youtube.com\/embed\/LTZFX-BKH7E?feature=oembed\" frameborder=\"0\" allow=\"accelerometer; autoplay; clipboard-write; encrypted-media; gyroscope; picture-in-picture; web-share\" referrerpolicy=\"strict-origin-when-cross-origin\" allowfullscreen><\/iframe><\/span><\/span><\/span><\/p>\n","protected":false},"excerpt":{"rendered":"<p>El pasado d\u00eda 25 de Octubre tuvo lugar la entrega del titulo de campe\u00f3n de Andaluc\u00eda 2010 de todas las razas. Por tercer a\u00f1o consecutivo (08, 09 y 2010) CH Curioso de la Ribera del Genil \u201cPACO\u201d a obtenido el &hellip; <a href=\"https:\/\/www.delariberadelgenil.com\/?p=167\" class=\"more-link\">Continuar leyendo<\/a><\/p>\n","protected":false},"author":1,"featured_media":0,"comment_status":"open","ping_status":"open","sticky":false,"template":"","format":"standard","meta":{"jetpack_post_was_ever_published":false,"_jetpack_newsletter_access":"","_jetpack_dont_email_post_to_subs":false,"_jetpack_newsletter_tier_id":0,"_jetpack_memberships_contains_paywalled_content":false,"_jetpack_memberships_contains_paid_content":false,"footnotes":"","jetpack_publicize_message":"","jetpack_publicize_feature_enabled":true,"jetpack_social_post_already_shared":false,"jetpack_social_options":{"image_generator_settings":{"template":"highway","default_image_id":0,"font":"","enabled":false},"version":2}},"categories":[1],"tags":[],"class_list":["post-167","post","type-post","status-publish","format-standard","hentry","category-sin-categoria"],"jetpack_publicize_connections":[],"jetpack_featured_media_url":"","jetpack_sharing_enabled":true,"jetpack_shortlink":"https:\/\/wp.me\/p2qQLF-2H","_links":{"self":[{"href":"https:\/\/www.delariberadelgenil.com\/index.php?rest_route=\/wp\/v2\/posts\/167","targetHints":{"allow":["GET"]}}],"collection":[{"href":"https:\/\/www.delariberadelgenil.com\/index.php?rest_route=\/wp\/v2\/posts"}],"about":[{"href":"https:\/\/www.delariberadelgenil.com\/index.php?rest_route=\/wp\/v2\/types\/post"}],"author":[{"embeddable":true,"href":"https:\/\/www.delariberadelgenil.com\/index.php?rest_route=\/wp\/v2\/users\/1"}],"replies":[{"embeddable":true,"href":"https:\/\/www.delariberadelgenil.com\/index.php?rest_route=%2Fwp%2Fv2%2Fcomments&post=167"}],"version-history":[{"count":0,"href":"https:\/\/www.delariberadelgenil.com\/index.php?rest_route=\/wp\/v2\/posts\/167\/revisions"}],"wp:attachment":[{"href":"https:\/\/www.delariberadelgenil.com\/index.php?rest_route=%2Fwp%2Fv2%2Fmedia&parent=167"}],"wp:term":[{"taxonomy":"category","embeddable":true,"href":"https:\/\/www.delariberadelgenil.com\/index.php?rest_route=%2Fwp%2Fv2%2Fcategories&post=167"},{"taxonomy":"post_tag","embeddable":true,"href":"https:\/\/www.delariberadelgenil.com\/index.php?rest_route=%2Fwp%2Fv2%2Ftags&post=167"}],"curies":[{"name":"wp","href":"https:\/\/api.w.org\/{rel}","templated":true}]}}