{"id":172,"date":"2010-11-14T17:39:36","date_gmt":"2010-11-14T17:39:36","guid":{"rendered":"http:\/\/delariberadelgenil.wordpress.com\/?p=172"},"modified":"2010-11-14T17:39:36","modified_gmt":"2010-11-14T17:39:36","slug":"hijos-del-ch-curioso-de-la-ribera-del-genil","status":"publish","type":"post","link":"https:\/\/www.delariberadelgenil.com\/?p=172","title":{"rendered":"HIJOS del CH.CURIOSO de la Ribera del Genil"},"content":{"rendered":"<p>Aqui os presento a <strong>\u00d1O\u00d1O y \u00d1A\u00d1ITA de la Ribera del Genil hijos de mi Campe\u00f3n PACO<\/strong>, como pode\u00eds ver con tan solo 56 d\u00edas de vida ya le estamos despertando sus instintos (caza, cobro y presa) son unos cachorritos muy vivos, con muchas ganas de aprender y agradar.<\/p>\n<p>M\u00e1s adelante os mostrare alg\u00fan otro video de como van creciendo.<\/p>\n<p><!--more--><iframe loading=\"lazy\" title=\"Cahorros PACO.     \u00d1O\u00d1O y \u00d1A\u00d1ITA de la Ribera del Genil.\" width=\"550\" height=\"413\" src=\"https:\/\/www.youtube.com\/embed\/yiuAL3c2QpE?feature=oembed\" frameborder=\"0\" allow=\"accelerometer; autoplay; clipboard-write; encrypted-media; gyroscope; picture-in-picture; web-share\" referrerpolicy=\"strict-origin-when-cross-origin\" allowfullscreen><\/iframe><\/p>\n","protected":false},"excerpt":{"rendered":"<p>Aqui os presento a \u00d1O\u00d1O y \u00d1A\u00d1ITA de la Ribera del Genil hijos de mi Campe\u00f3n PACO, como pode\u00eds ver con tan solo 56 d\u00edas de vida ya le estamos despertando sus instintos (caza, cobro y presa) son unos cachorritos &hellip; <a href=\"https:\/\/www.delariberadelgenil.com\/?p=172\" class=\"more-link\">Continuar leyendo<\/a><\/p>\n","protected":false},"author":1,"featured_media":0,"comment_status":"open","ping_status":"open","sticky":false,"template":"","format":"standard","meta":{"jetpack_post_was_ever_published":false,"_jetpack_newsletter_access":"","_jetpack_dont_email_post_to_subs":false,"_jetpack_newsletter_tier_id":0,"_jetpack_memberships_contains_paywalled_content":false,"_jetpack_memberships_contains_paid_content":false,"footnotes":"","jetpack_publicize_message":"","jetpack_publicize_feature_enabled":true,"jetpack_social_post_already_shared":false,"jetpack_social_options":{"image_generator_settings":{"template":"highway","default_image_id":0,"font":"","enabled":false},"version":2}},"categories":[1],"tags":[],"class_list":["post-172","post","type-post","status-publish","format-standard","hentry","category-sin-categoria"],"jetpack_publicize_connections":[],"jetpack_featured_media_url":"","jetpack_sharing_enabled":true,"jetpack_shortlink":"https:\/\/wp.me\/p2qQLF-2M","_links":{"self":[{"href":"https:\/\/www.delariberadelgenil.com\/index.php?rest_route=\/wp\/v2\/posts\/172","targetHints":{"allow":["GET"]}}],"collection":[{"href":"https:\/\/www.delariberadelgenil.com\/index.php?rest_route=\/wp\/v2\/posts"}],"about":[{"href":"https:\/\/www.delariberadelgenil.com\/index.php?rest_route=\/wp\/v2\/types\/post"}],"author":[{"embeddable":true,"href":"https:\/\/www.delariberadelgenil.com\/index.php?rest_route=\/wp\/v2\/users\/1"}],"replies":[{"embeddable":true,"href":"https:\/\/www.delariberadelgenil.com\/index.php?rest_route=%2Fwp%2Fv2%2Fcomments&post=172"}],"version-history":[{"count":0,"href":"https:\/\/www.delariberadelgenil.com\/index.php?rest_route=\/wp\/v2\/posts\/172\/revisions"}],"wp:attachment":[{"href":"https:\/\/www.delariberadelgenil.com\/index.php?rest_route=%2Fwp%2Fv2%2Fmedia&parent=172"}],"wp:term":[{"taxonomy":"category","embeddable":true,"href":"https:\/\/www.delariberadelgenil.com\/index.php?rest_route=%2Fwp%2Fv2%2Fcategories&post=172"},{"taxonomy":"post_tag","embeddable":true,"href":"https:\/\/www.delariberadelgenil.com\/index.php?rest_route=%2Fwp%2Fv2%2Ftags&post=172"}],"curies":[{"name":"wp","href":"https:\/\/api.w.org\/{rel}","templated":true}]}}