{"id":5483,"date":"2013-08-30T13:25:13","date_gmt":"2013-08-30T11:25:13","guid":{"rendered":"http:\/\/www.delariberadelgenil.com\/?p=5483"},"modified":"2013-08-30T13:25:13","modified_gmt":"2013-08-30T11:25:13","slug":"camada-t-de-la-ribera-del-genil","status":"publish","type":"post","link":"https:\/\/www.delariberadelgenil.com\/?p=5483","title":{"rendered":"CAMADA T DE LA RIBERA DEL GENIL"},"content":{"rendered":"<p><strong><span style=\"color: #800000;\">Despu\u00e9s de m\u00e1s de un a\u00f1o sin criar, el d\u00eda 29 de agosto naci\u00f3 nuestra nueva camada compuesta de 5 cachorros, 2 machos bicolores y \u00abrabones\u00bb,1 Hembra bicolor otra Hembra negra y otra marr\u00f3n.<\/span><\/strong><\/p>\n<p><strong><span style=\"color: #800000;\">El padre es el BI-Campe\u00f3n Internacional de trabajo\u00a0<\/span><\/strong><\/p>\n<p><strong><span style=\"color: #800000;\">HABDALA de la Ribera del Genil \u00abMORO\u00bb<\/span><\/strong><\/p>\n<p><strong><span style=\"color: #800000;\">La madre es <\/span><\/strong><\/p>\n<p><strong><span style=\"color: #800000;\">SHOLA del Horno<\/span><\/strong><\/p>\n<p><strong><span style=\"color: #800000;\">Ambos est\u00e1n testados de PRA (Laboklyn) y Displasia (AVEPA)<\/span><\/strong><\/p>\n<p><strong><span style=\"color: #800000;\">El padre tambi\u00e9n tiene pasado el TCAN (Test de car\u00e1cter y aptitudes naturales)<\/span><\/strong><\/p>\n<p>&nbsp;<\/p>\n<p><a href=\"http:\/\/www.delariberadelgenil.com\/public\/wp-content\/uploads\/2012\/05\/shola-Malaga-2012.jpg\"><img loading=\"lazy\" decoding=\"async\" class=\"alignleft size-medium wp-image-5481\" alt=\"shola Malaga 2012\" src=\"https:\/\/www.delariberadelgenil.com\/public\/wp-content\/uploads\/2012\/05\/shola-Malaga-2012-300x200.jpg\" width=\"300\" height=\"200\" \/><\/a> <a href=\"http:\/\/www.delariberadelgenil.com\/public\/wp-content\/uploads\/2012\/05\/PICT0019.jpg\"><img loading=\"lazy\" decoding=\"async\" class=\"alignleft size-medium wp-image-5470\" alt=\"PICT0019\" src=\"https:\/\/www.delariberadelgenil.com\/public\/wp-content\/uploads\/2012\/05\/PICT0019-300x225.jpg\" width=\"300\" height=\"225\" srcset=\"https:\/\/www.delariberadelgenil.com\/public\/wp-content\/uploads\/2012\/05\/PICT0019-300x225.jpg 300w, https:\/\/www.delariberadelgenil.com\/public\/wp-content\/uploads\/2012\/05\/PICT0019-1024x768.jpg 1024w\" sizes=\"auto, (max-width: 300px) 100vw, 300px\" \/><\/a><\/p>\n<p>&nbsp;<\/p>\n<p>&nbsp;<\/p>\n<p>&nbsp;<\/p>\n<p>&nbsp;<\/p>\n<p>&nbsp;<\/p>\n<p>&nbsp;<\/p>\n<p>&nbsp;<\/p>\n<p>&nbsp;<\/p>\n<p>&nbsp;<\/p>\n<p>&nbsp;<\/p>\n<p>&nbsp;<\/p>\n<p>&nbsp;<\/p>\n<p>&nbsp;<\/p>\n<p>&nbsp;<\/p>\n<p><a href=\"http:\/\/www.delariberadelgenil.com\/public\/wp-content\/uploads\/2013\/08\/CAM00494.jpg\"><img loading=\"lazy\" decoding=\"async\" class=\"alignleft size-medium wp-image-5484\" alt=\"CAM00494\" src=\"https:\/\/www.delariberadelgenil.com\/public\/wp-content\/uploads\/2013\/08\/CAM00494-300x225.jpg\" width=\"300\" height=\"225\" \/><\/a><\/p>\n","protected":false},"excerpt":{"rendered":"<p>Despu\u00e9s de m\u00e1s de un a\u00f1o sin criar, el d\u00eda 29 de agosto naci\u00f3 nuestra nueva camada compuesta de 5 cachorros, 2 machos bicolores y \u00abrabones\u00bb,1 Hembra bicolor otra Hembra negra y otra marr\u00f3n. El padre es el BI-Campe\u00f3n Internacional &hellip; <a href=\"https:\/\/www.delariberadelgenil.com\/?p=5483\" class=\"more-link\">Continuar leyendo<\/a><\/p>\n","protected":false},"author":1,"featured_media":0,"comment_status":"open","ping_status":"open","sticky":false,"template":"","format":"standard","meta":{"jetpack_post_was_ever_published":false,"_jetpack_newsletter_access":"","_jetpack_dont_email_post_to_subs":false,"_jetpack_newsletter_tier_id":0,"_jetpack_memberships_contains_paywalled_content":false,"_jetpack_memberships_contains_paid_content":false,"footnotes":"","jetpack_publicize_message":"","jetpack_publicize_feature_enabled":true,"jetpack_social_post_already_shared":true,"jetpack_social_options":{"image_generator_settings":{"template":"highway","default_image_id":0,"font":"","enabled":false},"version":2}},"categories":[4],"tags":[],"class_list":["post-5483","post","type-post","status-publish","format-standard","hentry","category-camadas"],"jetpack_publicize_connections":[],"jetpack_featured_media_url":"","jetpack_sharing_enabled":true,"jetpack_shortlink":"https:\/\/wp.me\/p2qQLF-1qr","_links":{"self":[{"href":"https:\/\/www.delariberadelgenil.com\/index.php?rest_route=\/wp\/v2\/posts\/5483","targetHints":{"allow":["GET"]}}],"collection":[{"href":"https:\/\/www.delariberadelgenil.com\/index.php?rest_route=\/wp\/v2\/posts"}],"about":[{"href":"https:\/\/www.delariberadelgenil.com\/index.php?rest_route=\/wp\/v2\/types\/post"}],"author":[{"embeddable":true,"href":"https:\/\/www.delariberadelgenil.com\/index.php?rest_route=\/wp\/v2\/users\/1"}],"replies":[{"embeddable":true,"href":"https:\/\/www.delariberadelgenil.com\/index.php?rest_route=%2Fwp%2Fv2%2Fcomments&post=5483"}],"version-history":[{"count":3,"href":"https:\/\/www.delariberadelgenil.com\/index.php?rest_route=\/wp\/v2\/posts\/5483\/revisions"}],"predecessor-version":[{"id":5487,"href":"https:\/\/www.delariberadelgenil.com\/index.php?rest_route=\/wp\/v2\/posts\/5483\/revisions\/5487"}],"wp:attachment":[{"href":"https:\/\/www.delariberadelgenil.com\/index.php?rest_route=%2Fwp%2Fv2%2Fmedia&parent=5483"}],"wp:term":[{"taxonomy":"category","embeddable":true,"href":"https:\/\/www.delariberadelgenil.com\/index.php?rest_route=%2Fwp%2Fv2%2Fcategories&post=5483"},{"taxonomy":"post_tag","embeddable":true,"href":"https:\/\/www.delariberadelgenil.com\/index.php?rest_route=%2Fwp%2Fv2%2Ftags&post=5483"}],"curies":[{"name":"wp","href":"https:\/\/api.w.org\/{rel}","templated":true}]}}